{"id":6075,"date":"2024-01-22T13:12:41","date_gmt":"2024-01-22T13:12:41","guid":{"rendered":"https:\/\/fkv.it\/strumentazionedalaboratorio\/?p=6075"},"modified":"2024-06-25T16:34:37","modified_gmt":"2024-06-25T16:34:37","slug":"shelf-life-degli-alimenti-post-apertura-e-abuso-termico","status":"publish","type":"post","link":"https:\/\/fkv.it\/strumentazionedalaboratorio\/2024\/01\/22\/shelf-life-degli-alimenti-post-apertura-e-abuso-termico\/","title":{"rendered":"Shelf life degli alimenti: post-apertura e abuso termico"},"content":{"rendered":"\n<p>Come gi\u00e0 detto nell\u2019articolo \u201c<a href=\"https:\/\/fkv.it\/strumentazionedalaboratorio\/2024\/01\/19\/shelf-life-dei-prodotti-alimentari\/\">Shelf Life dei prodotti Alimentari<\/a>\u201d, viene studiata la stabilit\u00e0 di un prodotto alimentare per definirne la data di scadenza.<\/p>\n\n\n\n<p>Per monitorarne la vita utile di alimenti come <strong>confetture, prodotti da forno, paste fresche, frutta secca, spezie, frutta e verdura<\/strong> vengono per\u00f2 previsti nello studio di shelf-life anche prove periodiche sui prodotti anche <strong>dopo l\u2019apertura<\/strong>.<\/p>\n\n\n\n<h2>I test di abuso termico<\/h2>\n\n\n\n<p>Nel prodotto aperto vengono <strong>accelerati i processi di degradazione<\/strong>. Aumentando i rischi dovuti alla manipolazione del prodotto, si presuppone che il periodo di <strong>stabilit\u00e0 di un prodotto<\/strong> diminuisca dopo l\u2019apertura ed \u00e8 quindi importante definire anche questo aspetto.<\/p>\n\n\n\n<div class=\"wp-block-image\"><figure class=\"alignright is-resized\"><img loading=\"lazy\" src=\"https:\/\/fkv.it\/strumentazionedalaboratorio\/wp-content\/uploads\/2020\/05\/KBF_115_E5_2.jpg\" alt=\"\" class=\"wp-image-634\" width=\"301\" height=\"301\" srcset=\"https:\/\/fkv.it\/strumentazionedalaboratorio\/wp-content\/uploads\/2020\/05\/KBF_115_E5_2.jpg 700w, https:\/\/fkv.it\/strumentazionedalaboratorio\/wp-content\/uploads\/2020\/05\/KBF_115_E5_2-300x300.jpg 300w, https:\/\/fkv.it\/strumentazionedalaboratorio\/wp-content\/uploads\/2020\/05\/KBF_115_E5_2-150x150.jpg 150w, https:\/\/fkv.it\/strumentazionedalaboratorio\/wp-content\/uploads\/2020\/05\/KBF_115_E5_2-660x660.jpg 660w\" sizes=\"(max-width: 301px) 100vw, 301px\" \/><\/figure><\/div>\n\n\n\n<p>Uno studio di shelf-life per <strong>prodotti deperibili refrigerati<\/strong> come l&#8217;insalata, inoltre, deve tenere in considerazione anche <strong>eventuali innalzamenti della temperatura accidentali<\/strong>. Questo tipo di studio viene chiamato di \u201c<strong>abuso termico<\/strong>\u201d e fa parte degli studi condotti sui singoli alimenti. Anche per lo <strong>studio degli abusi termici<\/strong> \u00e8 importante eseguire i test di laboratorio a fronte di una <strong>simulazione climatica in condizioni estreme e prolungate<\/strong>. Un esempio \u00e8 tenere un prodotto che normalmente viene conservato tra gli 0 e i 4\u00b0C a temperature pi\u00f9 elevate, come <strong>ad esempio tra i 6 e gli 8\u00b0C<\/strong>.<\/p>\n\n\n\n<p>Per l\u2019abuso termico vengono svolti studi anche variando le temperature di conservazione, in modo da simulare varie fasi di commercializzazione; ad esempio, una conservazione del prodotto per il primo 70% di tempo a 4\u00b0C e poi per un 30% del tempo a 8\u00b0C.<\/p>\n\n\n\n<h2>Le camere di stabilit\u00e0 per l&#8217;abuso termico<\/h2>\n\n\n\n<p>La soluzione migliore risulta essere la linea di <a href=\"https:\/\/fkv.it\/prodotti\/accessori-da-laboratorio\/camere-di-stabilit%C3%A0\">camere di stabilit\u00e0 Binder<\/a>: la serie storica <a href=\"https:\/\/fkv.it\/prodotti\/accessori-da-laboratorio\/camere-di-stabilit%C3%A0\/camere-di-stabilit%C3%A0-serie-kbf\">KBF<\/a> e le nuove serie \u201cSolid line\u201d: <a href=\"https:\/\/fkv.it\/prodotti\/accessori-da-laboratorio\/camere-di-stabilit%C3%A0\/serie-kbf-s\">KBF S<\/a> e <a href=\"https:\/\/fkv.it\/prodotti\/accessori-da-laboratorio\/camere-di-stabilit%C3%A0\/serie-kbf-s-eco\">KBF S ECO<\/a>, caratterizzate da un rapporto qualit\u00e0\/prezzo senza eguali. Queste camere possono essere utilizzate sia per test a lungo termine che accelerati, simulando le condizioni di temperatura e umidit\u00e0 necessarie in un intervallo di temperatura tra\u00a0 0\u00b0C e 70\u00b0C e di umidit\u00e0 tra il 10% e l\u2019 80% .<\/p>\n\n\n\n<p>Le camere di stabilit\u00e0 <strong>KBF-S e KBS S ECO combinano un prezzo concorrenziale alle caratteristiche costruttive tipiche di Binder<\/strong>: realizzate con materiali di elevatissima qualit\u00e0 per garantire la massima longevit\u00e0 e risultati riproducibili in tutte le condizioni climatiche, cos\u00ec da essere riconosciute come le pi\u00f9 performanti. Inoltre, la serie KBF S ECO, usufruendo di un nuovo sistema brevettato Peltier, che permette di raggiungere e mantenere i range climatici pi\u00f9 velocemente rispetto ai sistemi Peltier tradizionali e avere un consumo energetico molto ridotto, risulta essere le pi\u00f9 eco-friendly sul mercato. Le camere di stabilit\u00e0 Binder sono dotate di alcune caratteristiche costruttive uniche e di diversi accessori. Le camere di stabilit\u00e0 Binder sono dotate di tecnologia di preriscaldamento APT.line\u2122 con flusso d&#8217;aria orizzontale su due lati che garantisce omogeneit\u00e0 sia spaziale che temporale, con tempi di recupero della temperatura molto veloci a seguito dell\u2019apertura della porta, mentre il recupero dell\u2019umidit\u00e0 pu\u00f2 contare sul sistema brevettato di umidificazione a vapore e regolazione tramite sensore capacitivo.<\/p>\n\n\n\n<p>Tutte le camere sono dotate di pannello LCD per visualizzare e programmare i parametri operativi, data logger interno per scaricare i valori misurati tramite uscita USB, possibilit\u00e0 di programmare da remoto tramite l\u2019ausilio del software APT-COM4 e autotest dell&#8217;unit\u00e0 per un&#8217;analisi completa dell\u2019efficienza della camera. Infine, ma non meno importante, le camere sono dotate di 2 ripiani in acciaio inossidabile con un carico massimo di 30kg ciascuno. Le camere di stabilit\u00e0 KBF-S e KBF S ECO rappresentano sicuramente la soluzione vincente per le prove di stabilit\u00e0.<\/p>\n","protected":false},"excerpt":{"rendered":"<p>Uno studio di shelf-life per prodotti deperibili refrigerati deve tenere in considerazione anche innalzamenti della temperatura, si parla di abuso termico.<\/p>\n","protected":false},"author":3,"featured_media":6082,"comment_status":"open","ping_status":"open","sticky":false,"template":"","format":"standard","meta":[],"categories":[439,54],"tags":[331],"yoast_head":"<!-- This site is optimized with the Yoast SEO plugin v15.0 - https:\/\/yoast.com\/wordpress\/plugins\/seo\/ -->\n<title>Shelf life degli alimenti: post-apertura e abuso termico - FKV<\/title>\n<meta name=\"description\" content=\"Uno studio di shelf-life per prodotti deperibili refrigerati deve tenere in considerazione anche innalzamenti della temperatura, si parla di abuso termico.\" \/>\n<meta name=\"robots\" content=\"index, follow, max-snippet:-1, max-image-preview:large, max-video-preview:-1\" \/>\n<link rel=\"canonical\" href=\"https:\/\/fkv.it\/strumentazionedalaboratorio\/2024\/01\/22\/shelf-life-degli-alimenti-post-apertura-e-abuso-termico\/\" \/>\n<meta property=\"og:locale\" content=\"it_IT\" \/>\n<meta property=\"og:type\" content=\"article\" \/>\n<meta property=\"og:title\" content=\"Shelf life degli alimenti: post-apertura e abuso termico - FKV\" \/>\n<meta property=\"og:description\" content=\"Uno studio di shelf-life per prodotti deperibili refrigerati deve tenere in considerazione anche innalzamenti della temperatura, si parla di abuso termico.\" \/>\n<meta property=\"og:url\" content=\"https:\/\/fkv.it\/strumentazionedalaboratorio\/2024\/01\/22\/shelf-life-degli-alimenti-post-apertura-e-abuso-termico\/\" \/>\n<meta property=\"og:site_name\" content=\"FKV\" \/>\n<meta property=\"article:publisher\" content=\"https:\/\/www.facebook.com\/pages\/FKV-SRL\/193967133985052\" \/>\n<meta property=\"article:published_time\" content=\"2024-01-22T13:12:41+00:00\" \/>\n<meta property=\"article:modified_time\" content=\"2024-06-25T16:34:37+00:00\" \/>\n<meta property=\"og:image\" content=\"https:\/\/fkv.it\/strumentazionedalaboratorio\/wp-content\/uploads\/2024\/01\/FKV_Shelf-Life_2.jpg\" \/>\n\t<meta property=\"og:image:width\" content=\"1024\" \/>\n\t<meta property=\"og:image:height\" content=\"536\" \/>\n<meta name=\"twitter:card\" content=\"summary_large_image\" \/>\n<script type=\"application\/ld+json\" class=\"yoast-schema-graph\">{\"@context\":\"https:\/\/schema.org\",\"@graph\":[{\"@type\":\"Organization\",\"@id\":\"https:\/\/fkv.it\/strumentazionedalaboratorio\/#organization\",\"name\":\"FKV - Strumenti per Laboratorio\",\"url\":\"https:\/\/fkv.it\/strumentazionedalaboratorio\/\",\"sameAs\":[\"https:\/\/www.facebook.com\/pages\/FKV-SRL\/193967133985052\",\"https:\/\/www.linkedin.com\/company\/fkv-srl\"],\"logo\":{\"@type\":\"ImageObject\",\"@id\":\"https:\/\/fkv.it\/strumentazionedalaboratorio\/#logo\",\"inLanguage\":\"it-IT\",\"url\":\"https:\/\/fkv.it\/strumentazionedalaboratorio\/wp-content\/uploads\/2019\/09\/logo_FKV.png\",\"width\":150,\"height\":86,\"caption\":\"FKV - Strumenti per Laboratorio\"},\"image\":{\"@id\":\"https:\/\/fkv.it\/strumentazionedalaboratorio\/#logo\"}},{\"@type\":\"WebSite\",\"@id\":\"https:\/\/fkv.it\/strumentazionedalaboratorio\/#website\",\"url\":\"https:\/\/fkv.it\/strumentazionedalaboratorio\/\",\"name\":\"FKV\",\"description\":\"\",\"publisher\":{\"@id\":\"https:\/\/fkv.it\/strumentazionedalaboratorio\/#organization\"},\"potentialAction\":[{\"@type\":\"SearchAction\",\"target\":\"https:\/\/fkv.it\/strumentazionedalaboratorio\/?s={search_term_string}\",\"query-input\":\"required name=search_term_string\"}],\"inLanguage\":\"it-IT\"},{\"@type\":\"ImageObject\",\"@id\":\"https:\/\/fkv.it\/strumentazionedalaboratorio\/2024\/01\/22\/shelf-life-degli-alimenti-post-apertura-e-abuso-termico\/#primaryimage\",\"inLanguage\":\"it-IT\",\"url\":\"https:\/\/fkv.it\/strumentazionedalaboratorio\/wp-content\/uploads\/2024\/01\/FKV_Shelf-Life_2.jpg\",\"width\":1024,\"height\":536},{\"@type\":\"WebPage\",\"@id\":\"https:\/\/fkv.it\/strumentazionedalaboratorio\/2024\/01\/22\/shelf-life-degli-alimenti-post-apertura-e-abuso-termico\/#webpage\",\"url\":\"https:\/\/fkv.it\/strumentazionedalaboratorio\/2024\/01\/22\/shelf-life-degli-alimenti-post-apertura-e-abuso-termico\/\",\"name\":\"Shelf life degli alimenti: post-apertura e abuso termico - FKV\",\"isPartOf\":{\"@id\":\"https:\/\/fkv.it\/strumentazionedalaboratorio\/#website\"},\"primaryImageOfPage\":{\"@id\":\"https:\/\/fkv.it\/strumentazionedalaboratorio\/2024\/01\/22\/shelf-life-degli-alimenti-post-apertura-e-abuso-termico\/#primaryimage\"},\"datePublished\":\"2024-01-22T13:12:41+00:00\",\"dateModified\":\"2024-06-25T16:34:37+00:00\",\"description\":\"Uno studio di shelf-life per prodotti deperibili refrigerati deve tenere in considerazione anche innalzamenti della temperatura, si parla di abuso termico.\",\"inLanguage\":\"it-IT\",\"potentialAction\":[{\"@type\":\"ReadAction\",\"target\":[\"https:\/\/fkv.it\/strumentazionedalaboratorio\/2024\/01\/22\/shelf-life-degli-alimenti-post-apertura-e-abuso-termico\/\"]}]},{\"@type\":\"Article\",\"@id\":\"https:\/\/fkv.it\/strumentazionedalaboratorio\/2024\/01\/22\/shelf-life-degli-alimenti-post-apertura-e-abuso-termico\/#article\",\"isPartOf\":{\"@id\":\"https:\/\/fkv.it\/strumentazionedalaboratorio\/2024\/01\/22\/shelf-life-degli-alimenti-post-apertura-e-abuso-termico\/#webpage\"},\"author\":{\"@id\":\"https:\/\/fkv.it\/strumentazionedalaboratorio\/#\/schema\/person\/c5c2ae75376c51805613adcb1ea111d8\"},\"headline\":\"Shelf life degli alimenti: post-apertura e abuso termico\",\"datePublished\":\"2024-01-22T13:12:41+00:00\",\"dateModified\":\"2024-06-25T16:34:37+00:00\",\"mainEntityOfPage\":{\"@id\":\"https:\/\/fkv.it\/strumentazionedalaboratorio\/2024\/01\/22\/shelf-life-degli-alimenti-post-apertura-e-abuso-termico\/#webpage\"},\"publisher\":{\"@id\":\"https:\/\/fkv.it\/strumentazionedalaboratorio\/#organization\"},\"image\":{\"@id\":\"https:\/\/fkv.it\/strumentazionedalaboratorio\/2024\/01\/22\/shelf-life-degli-alimenti-post-apertura-e-abuso-termico\/#primaryimage\"},\"keywords\":\"Camera Climatica\",\"articleSection\":\"Agrario,Alimentare\",\"inLanguage\":\"it-IT\"},{\"@type\":\"Person\",\"@id\":\"https:\/\/fkv.it\/strumentazionedalaboratorio\/#\/schema\/person\/c5c2ae75376c51805613adcb1ea111d8\",\"name\":\"Leila\",\"image\":{\"@type\":\"ImageObject\",\"@id\":\"https:\/\/fkv.it\/strumentazionedalaboratorio\/#personlogo\",\"inLanguage\":\"it-IT\",\"url\":\"https:\/\/secure.gravatar.com\/avatar\/5164a159b0f29b16a260987c7c6188c7?s=96&d=mm&r=g\",\"caption\":\"Leila\"}}]}<\/script>\n<!-- \/ Yoast SEO plugin. -->","_links":{"self":[{"href":"https:\/\/fkv.it\/strumentazionedalaboratorio\/wp-json\/wp\/v2\/posts\/6075"}],"collection":[{"href":"https:\/\/fkv.it\/strumentazionedalaboratorio\/wp-json\/wp\/v2\/posts"}],"about":[{"href":"https:\/\/fkv.it\/strumentazionedalaboratorio\/wp-json\/wp\/v2\/types\/post"}],"author":[{"embeddable":true,"href":"https:\/\/fkv.it\/strumentazionedalaboratorio\/wp-json\/wp\/v2\/users\/3"}],"replies":[{"embeddable":true,"href":"https:\/\/fkv.it\/strumentazionedalaboratorio\/wp-json\/wp\/v2\/comments?post=6075"}],"version-history":[{"count":4,"href":"https:\/\/fkv.it\/strumentazionedalaboratorio\/wp-json\/wp\/v2\/posts\/6075\/revisions"}],"predecessor-version":[{"id":6932,"href":"https:\/\/fkv.it\/strumentazionedalaboratorio\/wp-json\/wp\/v2\/posts\/6075\/revisions\/6932"}],"wp:featuredmedia":[{"embeddable":true,"href":"https:\/\/fkv.it\/strumentazionedalaboratorio\/wp-json\/wp\/v2\/media\/6082"}],"wp:attachment":[{"href":"https:\/\/fkv.it\/strumentazionedalaboratorio\/wp-json\/wp\/v2\/media?parent=6075"}],"wp:term":[{"taxonomy":"category","embeddable":true,"href":"https:\/\/fkv.it\/strumentazionedalaboratorio\/wp-json\/wp\/v2\/categories?post=6075"},{"taxonomy":"post_tag","embeddable":true,"href":"https:\/\/fkv.it\/strumentazionedalaboratorio\/wp-json\/wp\/v2\/tags?post=6075"}],"curies":[{"name":"wp","href":"https:\/\/api.w.org\/{rel}","templated":true}]}}